{"provider_url": "https://www.arapora.mg.leg.br", "title": "C\u00e2mara de Vereadores Adquire Carro 0 KM", "html": "<p>A C\u00e2mara Municipal de Vereadores de Arapor\u00e3-MG., atrav\u00e9s da Gest\u00e3o do Presidente da Casa,\u00a0<a href=\"https://www.pedroafonso.to.leg.br/vereadorpedromachado\" target=\"_blank\"><b>Vereador</b></a><b>\u00a0Laciel Alves Faria</b>, fez a aquisi\u00e7\u00e3o de um novo ve\u00edculo 0km, para uso exclusivo em servi\u00e7o, pela Casa de Leis.</p>\r\n<p>A aquisi\u00e7\u00e3o do autom\u00f3vel faz parte de uma s\u00e9rie de medidas que visam a moderniza\u00e7\u00e3o e estrutura\u00e7\u00e3o da C\u00e2mara Municipal de Arapor\u00e3, na Gest\u00e3o do <b>Presidente Laciel Alves Faria</b>, que vem cumprindo as demandas da C\u00e2mara no sentido de oferecer o melhor desempenho de sua fun\u00e7\u00e3o legislativa.</p>\r\n<p>O modelo possui diversas ferramentas que auxiliam o motorista nas viagens. O ve\u00edculo adquirido foi um Volkswagen Virtus Gts 1,4, Autom, Nacional, para 5 passageiros, 0(zero)km, ano/modelo 2021/2021, Flex.</p>\r\n<p>Segundo o Presidente, esta aquisi\u00e7\u00e3o se fez necess\u00e1rio, pois o antigo ve\u00edculo encontrava-se com alta quilometragem, visto que o mesmo foi adquirido no ano de 2009, devido ao seu estado de conserva\u00e7\u00e3o, o gasto com sua manuten\u00e7\u00e3o tornando invi\u00e1vel, era um carro com doze anos de uso, explicou o Presidente.</p>\r\n<p>O novo ve\u00edculo adquirido com recursos pr\u00f3prios, objetiva agregar facilidade, efici\u00eancia e qualidade aos servi\u00e7os prestados pelo Poder Legislativo do munic\u00edpio.</p>", "author_name": "", "version": "1.0", "author_url": "https://www.arapora.mg.leg.br/author/adm", "provider_name": "C\u00e2mara Municipal de Arapor\u00e3", "type": "rich"}